{"id":2341,"date":"2024-03-10T19:25:17","date_gmt":"2024-03-10T18:25:17","guid":{"rendered":"http:\/\/www.sabineschuster.com\/?p=2341"},"modified":"2024-03-29T16:08:55","modified_gmt":"2024-03-29T15:08:55","slug":"suedart-2024","status":"publish","type":"post","link":"http:\/\/www.sabineschuster.com\/?p=2341","title":{"rendered":"S\u00fcdart 2024"},"content":{"rendered":"\n<p><\/p>\n\n\n\n<figure class=\"wp-block-image size-large\"><img loading=\"lazy\" decoding=\"async\" width=\"935\" height=\"1024\" src=\"http:\/\/www.sabineschuster.com\/wp-content\/uploads\/2024\/03\/IMG_2936-1-935x1024.jpg\" alt=\"\" class=\"wp-image-2345\" srcset=\"http:\/\/www.sabineschuster.com\/wp-content\/uploads\/2024\/03\/IMG_2936-1-935x1024.jpg 935w, http:\/\/www.sabineschuster.com\/wp-content\/uploads\/2024\/03\/IMG_2936-1-500x548.jpg 500w, http:\/\/www.sabineschuster.com\/wp-content\/uploads\/2024\/03\/IMG_2936-1-768x841.jpg 768w, http:\/\/www.sabineschuster.com\/wp-content\/uploads\/2024\/03\/IMG_2936-1-1402x1536.jpg 1402w, http:\/\/www.sabineschuster.com\/wp-content\/uploads\/2024\/03\/IMG_2936-1-1869x2048.jpg 1869w\" sizes=\"auto, (max-width: 935px) 100vw, 935px\" \/><\/figure>\n\n\n\n<p>Auch dieses Jahr \u00f6ffnen s\u00e4mtliche K\u00fcnstler:innen mit Atelier in der S\u00fcdstadt die T\u00fcren des selbigen und bieten Einblick ihr aktuelles k\u00fcnstlerisches Schaffen &#8211; auch ich bin in mit meinem Atelier und der SF Galerie wieder dabei. Besonders freue ich mich, <a href=\"https:\/\/www.petra-v-stromberg.de\/\">Petra von Stromberg<\/a> als Gastk\u00fcnstlerin an meiner Seite zu haben! Ihr findet uns auf dem \u00dcbersichtplan (der Folder steht entweder als PDF unten zum Download bereit oder ihr holt euch einen an meiner Ateliert\u00fcr ab) unter dem Buchstaben <strong>K<\/strong>, oder auch einfach im Hummelsteiner Weg 78. Wir freuen uns auf Besuch! <br><br><strong>Die Termine im \u00dcberblick: <\/strong><br>Er\u00f6ffnung der \u00dcberblicksausstellung im S\u00fcdpunkt N\u00fcrnberg, am Freitag den 15. M\u00e4rz um 19 Uhr <br><\/p>\n\n\n\n<p><strong>Atelier\u00f6ffnungszeiten: <\/strong><br>Samstag, 16. M\u00e4rz: 14 &#8211; 19 Uhr<br>Sonntag, 17. M\u00e4rz: 11 &#8211; 18 Uhr<\/p>\n\n\n\n<p><\/p>\n\n\n\n<div data-wp-interactive=\"core\/file\" class=\"wp-block-file\"><object data-wp-bind--hidden=\"!state.hasPdfPreview\" hidden class=\"wp-block-file__embed\" data=\"http:\/\/www.sabineschuster.com\/wp-content\/uploads\/2024\/03\/Suedart-2024.pdf\" type=\"application\/pdf\" style=\"width:100%;height:600px\" aria-label=\"Einbettung von Suedart-2024.\"><\/object><a id=\"wp-block-file--media-bbd91ecc-f73a-48ba-b568-575a90b31614\" href=\"http:\/\/www.sabineschuster.com\/wp-content\/uploads\/2024\/03\/Suedart-2024.pdf\">Suedart-2024<\/a><a href=\"http:\/\/www.sabineschuster.com\/wp-content\/uploads\/2024\/03\/Suedart-2024.pdf\" class=\"wp-block-file__button wp-element-button\" download aria-describedby=\"wp-block-file--media-bbd91ecc-f73a-48ba-b568-575a90b31614\">Herunterladen<\/a><\/div>\n\n\n\n<div data-wp-interactive=\"core\/file\" class=\"wp-block-file\"><object data-wp-bind--hidden=\"!state.hasPdfPreview\" hidden class=\"wp-block-file__embed\" data=\"http:\/\/www.sabineschuster.com\/wp-content\/uploads\/2024\/03\/Lageplan-und-Legende-Webseite-31_01_24.pdf\" type=\"application\/pdf\" style=\"width:100%;height:600px\" aria-label=\"Einbettung von Lageplan-und-Legende-Webseite-31_01_24.\"><\/object><a id=\"wp-block-file--media-da5efe66-84a9-48e8-901f-269b93f8daea\" href=\"http:\/\/www.sabineschuster.com\/wp-content\/uploads\/2024\/03\/Lageplan-und-Legende-Webseite-31_01_24.pdf\">Lageplan-und-Legende-Webseite-31_01_24<\/a><a href=\"http:\/\/www.sabineschuster.com\/wp-content\/uploads\/2024\/03\/Lageplan-und-Legende-Webseite-31_01_24.pdf\" class=\"wp-block-file__button wp-element-button\" download aria-describedby=\"wp-block-file--media-da5efe66-84a9-48e8-901f-269b93f8daea\">Herunterladen<\/a><\/div>\n","protected":false},"excerpt":{"rendered":"<p>Auch dieses Jahr \u00f6ffnen s\u00e4mtliche K\u00fcnstler:innen mit Atelier in der S\u00fcdstadt die T\u00fcren des selbigen und bieten Einblick ihr aktuelles k\u00fcnstlerisches Schaffen &#8211; auch ich bin in mit meinem Atelier und der SF Galerie wieder dabei. Besonders freue ich mich, Petra von Stromberg als Gastk\u00fcnstlerin an meiner Seite zu haben! Ihr findet uns auf dem [&hellip;]<\/p>\n","protected":false},"author":1,"featured_media":0,"comment_status":"closed","ping_status":"closed","sticky":false,"template":"","format":"standard","meta":{"footnotes":""},"categories":[16],"tags":[70,78],"class_list":["post-2341","post","type-post","status-publish","format-standard","hentry","category-ausstellungen","tag-ausstellung","tag-sf__galerie"],"_links":{"self":[{"href":"http:\/\/www.sabineschuster.com\/index.php?rest_route=\/wp\/v2\/posts\/2341","targetHints":{"allow":["GET"]}}],"collection":[{"href":"http:\/\/www.sabineschuster.com\/index.php?rest_route=\/wp\/v2\/posts"}],"about":[{"href":"http:\/\/www.sabineschuster.com\/index.php?rest_route=\/wp\/v2\/types\/post"}],"author":[{"embeddable":true,"href":"http:\/\/www.sabineschuster.com\/index.php?rest_route=\/wp\/v2\/users\/1"}],"replies":[{"embeddable":true,"href":"http:\/\/www.sabineschuster.com\/index.php?rest_route=%2Fwp%2Fv2%2Fcomments&post=2341"}],"version-history":[{"count":10,"href":"http:\/\/www.sabineschuster.com\/index.php?rest_route=\/wp\/v2\/posts\/2341\/revisions"}],"predecessor-version":[{"id":2356,"href":"http:\/\/www.sabineschuster.com\/index.php?rest_route=\/wp\/v2\/posts\/2341\/revisions\/2356"}],"wp:attachment":[{"href":"http:\/\/www.sabineschuster.com\/index.php?rest_route=%2Fwp%2Fv2%2Fmedia&parent=2341"}],"wp:term":[{"taxonomy":"category","embeddable":true,"href":"http:\/\/www.sabineschuster.com\/index.php?rest_route=%2Fwp%2Fv2%2Fcategories&post=2341"},{"taxonomy":"post_tag","embeddable":true,"href":"http:\/\/www.sabineschuster.com\/index.php?rest_route=%2Fwp%2Fv2%2Ftags&post=2341"}],"curies":[{"name":"wp","href":"https:\/\/api.w.org\/{rel}","templated":true}]}}